{"provider_url": "https://www.santalucia.pr.leg.br", "title": "Hist\u00f3ria e S\u00edmbolos de Santa L\u00facia", "html": "<div class=\"s1_richTextContainer s1richTextContainer\" id=\"WRchTxtorichTextContainer\" data-reactid=\".0.$SITE_ROOT.$desktop_siteRoot.$PAGES_CONTAINER.1.1.$SITE_PAGES.$c1wfv.1.$WRchTxto.0\">\r\n<h2 style=\"text-align: center; \"><strong>Hist\u00f3ria de Santa L\u00facia</strong></h2>\r\n<p style=\"text-align: center; \"><strong><br /></strong></p>\r\n<p><img src=\"https://www.santalucia.pr.leg.br/imagens/imagemaereasalu.jpg/@@images/5418ebeb-84b9-41b5-91f5-53f4d90b74ec.jpeg\" alt=\"\" class=\"image-inline\" title=\"\" /></p>\r\n<p style=\"text-align: justify; \">Em meados de 1960, chegavam \u00e0 cidade alguns agricultores de Santa Catarina e do Rio Grande do Sul. Atrav\u00e9s de informa\u00e7\u00f5es de algumas pessoas que vieram conhecer as terras da localidade de Santa Lucia, gostaram e acabaram ficando ali morando.</p>\r\n<p style=\"text-align: justify; \">Entre eles, o senhor Orlando Luiz Zampr\u00f4nio, que era coletor da cidade de Capanema, na \u00e9poca comercializava madeira na regi\u00e3o. O caminho este que hoje se faz de carro em pouco tempo, naquela \u00e9poca n\u00e3o conseguia ser feito nem a cavalo, somente a p\u00e9.</p>\r\n<p style=\"text-align: justify; \">Com muita sede, avistaram uma nascente de \u00e1guas cristalinas e ent\u00e3o pararam para beber e se refrescar um pouco. Foi nesse momento, quando ao abaixar-se para tomar \u00e1gua, o senhor Orlando Luiz Zampr\u00f4nio teve um olho ferido por um galho de crici\u00fama. Orlando ficou muito preocupado com sua vis\u00e3o, pois n\u00e3o havia recurso para atendimento m\u00e9dico na \u00e9poca. Contando apenas com a f\u00e9, resolveu fazer uma promessa a Santa L\u00facia, protetora dos olhos. Se concedida a gra\u00e7a da melhoria da sua vis\u00e3o, daria o nome a este local de Santa L\u00facia, fato que aconteceu prontamente.</p>\r\n<p style=\"text-align: justify; \">Al\u00e9m do senhor Orlando Luiz Zampr\u00f4nio, chegou a este local as fam\u00edlias de Guilherme Laither, Dinarte Tibes, Valte Luiz Pupp, Oscar Antunes de Morais, Sadi Pares, Olindo Parolin, Orlando Rios, Carlos e Guilherme Rios e a fam\u00edlia do senhor Ito Pretto, que na \u00e9poca j\u00e1 residia em Santa L\u00facia.</p>\r\n<p style=\"text-align: justify; \">Em 1964, quando Capit\u00e3o Le\u00f4nidas Marques tornou-se munic\u00edpio, a promessa se cumpriu, surgindo assim o distrito de Santa L\u00facia no dia 03 de outubro de 1967.</p>\r\n<p style=\"text-align: justify; \">Santa L\u00facia desmembrou-se do munic\u00edpio de Capit\u00e3o Le\u00f4nidas Marques em 09 de maio de 1990, no entanto a instala\u00e7\u00e3o oficial ocorreu no dia 01 de janeiro de 1993 com a posse do primeiro Prefeito Aldino Dalben e como vice-Prefeito Jo\u00e3o Francisco Scalco.</p>\r\n<p style=\"text-align: justify; \">O munic\u00edpio localiza-se a 510 km da capital Curitiba, situando-se a uma altitude de 441 metros acima do n\u00edvel do mar e possuindo uma \u00e1rea territorial de 116,857 km\u00b2. Sua popula\u00e7\u00e3o \u00e9 constitu\u00edda por 3.925 habitantes (segundo censo do IBGE 2010). O clima \u00e9 subtropical \u00famido mesot\u00e9rmico, ver\u00f5es quentes com tend\u00eancias de concentra\u00e7\u00e3o das chuvas (temperatura m\u00e9dia superior a 22\u00baC), invernos com geadas pouco frequentes (temperatura m\u00e9dia inferior a 18\u00baC), sem esta\u00e7\u00e3o seca definida. J\u00e1 na \u00e1rea econ\u00f4mica, o destaque vai para os produtos agrossilvipastoris, como as aves para o corte, milho safra normal e a soja safra normal. Tamb\u00e9m h\u00e1 no munic\u00edpio setores madeireiros, mobili\u00e1rios, empresas metal\u00fargicas, ind\u00fastrias t\u00eaxtil, m\u00f3veis residenciais entre outras.</p>\r\n</div>\r\n<div class=\"s1_richTextContainer s1richTextContainer\" data-reactid=\".0.$SITE_ROOT.$desktop_siteRoot.$PAGES_CONTAINER.1.1.$SITE_PAGES.$c1wfv.1.$WRchTxto.0\"><strong><br /></strong></div>\r\n<h2><strong>Bandeira</strong></h2>\r\n<div class=\"s1_richTextContainer s1richTextContainer\" id=\"WRchTxtorichTextContainer\" data-reactid=\".0.$SITE_ROOT.$desktop_siteRoot.$PAGES_CONTAINER.1.1.$SITE_PAGES.$c1wfv.1.$WRchTxto.0\">\r\n<div id=\"content-core\">\r\n<div id=\"parent-fieldname-text-8dae2faa70ec4beb89f06ea85fe2cd8c\">\r\n<p style=\"text-align: justify; \">A Bandeira do Munic\u00edpio de Santa L\u00facia \u2013 Paran\u00e1 foi criada pela Lei Municipal n\u00ba. 07/63 de 05 de mar\u00e7o de 1993, desenhada na propor\u00e7\u00e3o de 88 cm de altura por 130 cm de comprimento, e o ret\u00e2ngulo da Bandeira Municipal \u00e9 de cor azul celeste, vermelho e verde oliva, e ao centro da mesma em posi\u00e7\u00e3o de um losango em cor branca e no cento deste o Bras\u00e3o de Armas Municipal.</p>\r\n<p><img src=\"https://www.santalucia.pr.leg.br/imagens/bandeira.jpg/@@images/82e3f4c7-9b4e-47d7-9fb2-f8a4cbb1897f.jpeg\" alt=\"\" class=\"image-inline\" title=\"\" /><br /><br /></p>\r\n<h2><strong>Simbologia das cores e das pe\u00e7as da Bandeira Municipal</strong></h2>\r\n<p style=\"text-align: justify; \">No ret\u00e2ngulo da Bandeira Municipal: a cor azul celeste representa o C\u00e9u ameno que cobre todo territ\u00f3rio municipal e os rios com suas \u00e1guas; e a cor vermelha representa o fogo e as ind\u00fastrias, o verde oliva representa os campos e a esperan\u00e7a; a cor branca no campo do losango no centro da bandeira \u00e9 o s\u00edmbolo da paz, amizade, pureza, inoc\u00eancia e verdade.<br /> O Bras\u00e3o de Armas ao centro do losango representa \u201cO Governo Municipal\u201d e centro do ret\u00e2ngulo do Bandeira onde \u00e9 colocado o Bras\u00e3o de Armas Municipal que simboliza a cidade sede do Munic\u00edpio, e o Poder Municipal que se expande a todos os quadrantes do seu territ\u00f3rio.<br /><br /></p>\r\n<h2><strong>Bras\u00e3o de Armas do Munic\u00edpio </strong></h2>\r\n<h3><strong>Criado pela Lei Municipal n\u00ba. 07/63 de 05 de mar\u00e7o de 1993, sendo este composto de um escudo.</strong></h3>\r\n<p><strong><br /></strong></p>\r\n<p style=\"text-align: justify; \"><img src=\"https://www.santalucia.pr.leg.br/imagens/brasocamara.png/@@images/3c267349-0703-4478-a060-026934fd7492.png\" alt=\"\" class=\"image-inline\" title=\"\" /><br /><br /> A Coroa Mural que comp\u00f5e o Bras\u00e3o representa a nobreza, onde est\u00e3o os tr\u00eas poderes, Executivo, Legislativo e Judici\u00e1rio, (Judici\u00e1rio sob a comarca do munic\u00edpio de Capit\u00e3o Le\u00f4nidas Marques); O milho, soja, feij\u00e3o, trigo, cana de a\u00e7\u00facar e o fumo, representam a principais culturas do munic\u00edpio;<br /><br /> O gado representa \u00e0 pecu\u00e1ria; <br /> O su\u00edno representa a suinocultura; <br /> As aves representam a avicultura; <br /> O prospecto de cidade representa o progresso; <br /> A Santa representa o s\u00edmbolo que deram o seu nome; <br /> Os raios representam o sol e a vida; <br /> O azul representa o c\u00e9u e os rios com suas \u00e1guas existentes; <br /> O verde representa os campos e a esperan\u00e7a; <br /> O amarelo representa a riqueza; <br /> O vermelho representa o fogo e a ind\u00fastria; <br /> 09/05/1990 representa data de cria\u00e7\u00e3o do munic\u00edpio.</p>\r\n</div>\r\n</div>\r\n</div>", "author_name": "Interlegis", "version": "1.0", "author_url": "https://www.santalucia.pr.leg.br/author/Interlegis", "provider_name": "C\u00e2mara Municipal de Santa L\u00facia", "type": "rich"}